{"id":1170435,"global_id":"www.swisslens.ch\/pl\/?id=1170435","global_id_lineage":["www.swisslens.ch\/pl\/?id=1170435"],"author":"14","status":"publish","date":"2026-04-29 13:58:32","date_utc":"2026-04-29 11:58:32","modified":"2026-04-30 20:27:10","modified_utc":"2026-04-30 18:27:10","url":"https:\/\/www.swisslens.ch\/pl\/event\/dopasowania-soczewek-skleralnych-scleraflex\/","rest_url":"https:\/\/www.swisslens.ch\/pl\/wp-json\/tribe\/events\/v1\/events\/1170435","title":"Zaawansowane szkolenie z dopasowania soczewek skleralnych ScleraFlex","description":"<p>Szkolenie jest przeznaczone dla os\u00f3b, kt\u00f3re ju\u017c dopasowuj\u0105 soczewki skleralne i chc\u0105 pewniej prowadzi\u0107 trudniejsze przypadki kliniczne.<br \/>\nProgram ma charakter przede wszystkim praktyczny. Teoria ogranicza si\u0119 do kr\u00f3tkiego przypomnienia kluczowych zasad potrzebnych w codziennej pracy, w tym praktyczne wykorzystanie narz\u0119dzi dost\u0119pnych w panelu klienta SwissLens.<\/p>\n<p><img loading=\"lazy\" decoding=\"async\" class=\"size-medium wp-image-1119574 alignright\" src=\"http:\/\/www.swisslens.ch\/wp-content\/uploads\/Illustration-scleraflex-300x162.png\" alt=\"\" width=\"300\" height=\"162\" \/>Podczas warsztatu uczestnicy b\u0119d\u0105 pracowa\u0107 na soczewkach pr\u00f3bnych celowo dobranych z nieprawid\u0142owymi parametrami (m.in. za du\u017cy lub za ma\u0142y SAG, zbyt lu\u017ana strefa l\u0105dowania, nadmierne uniesienie brzegu, miejscowy ucisk, itp.).<\/p>\n<pre>Data: 23.05.2026\r\nGodziny: 09:00\u201317:00\r\nCena: 1800 PLN \r\nPUNKTY EDUKACYJNE: 45\r\nCERTYFIKAT: tak\r\nJ\u0118ZYK: angielski i polski\r\nRABAT: 1000 z\u0142 dla os\u00f3b dopasowyj\u0105cych soczewki ScleraFlex mini \u2013 w polu kupon wpisz ScleraFlex Mini<\/pre>\n<h4>Wi\u0119cej informacji mo\u017cna znale\u017a\u0107 tutaj: https:\/\/soczewki.pro\/produkt\/skleralne-dla-zaawansowanych\/<\/h4>","excerpt":"","slug":"dopasowania-soczewek-skleralnych-scleraflex","image":false,"all_day":false,"start_date":"2026-05-23 09:00:00","start_date_details":{"year":"2026","month":"05","day":"23","hour":"09","minutes":"00","seconds":"00"},"end_date":"2026-05-23 17:00:00","end_date_details":{"year":"2026","month":"05","day":"23","hour":"17","minutes":"00","seconds":"00"},"utc_start_date":"2026-05-23 07:00:00","utc_start_date_details":{"year":"2026","month":"05","day":"23","hour":"07","minutes":"00","seconds":"00"},"utc_end_date":"2026-05-23 15:00:00","utc_end_date_details":{"year":"2026","month":"05","day":"23","hour":"15","minutes":"00","seconds":"00"},"timezone":"Europe\/Zurich","timezone_abbr":"CEST","cost":"","cost_details":{"currency_symbol":"","currency_code":"","currency_position":"","values":[]},"website":"https:\/\/soczewki.pro\/produkt\/skleralne-dla-zaawansowanych\/","show_map":false,"show_map_link":false,"hide_from_listings":false,"sticky":false,"featured":false,"categories":[],"tags":[],"venue":[],"organizer":[],"custom_fields":{"_ecp_custom_2":{"label":"Language","value":"English|Polish"},"_ecp_custom_5":{"label":"Format","value":"Onsite"},"_ecp_custom_9":{"label":"SwissLens Team","value":"Malgorzata Zukowska|Guillaume Calmettes"},"_ecp_custom_14":{"label":"Country","value":"Poland"}},"json_ld":{"@context":"http:\/\/schema.org","@type":"Event","name":"Zaawansowane szkolenie z dopasowania soczewek skleralnych ScleraFlex","description":"&lt;p&gt;Szkolenie jest przeznaczone dla os\u00f3b, kt\u00f3re ju\u017c dopasowuj\u0105 soczewki skleralne i chc\u0105 pewniej prowadzi\u0107 trudniejsze przypadki kliniczne. Program ma charakter przede wszystkim praktyczny. Teoria ogranicza si\u0119 do kr\u00f3tkiego przypomnienia kluczowych [&hellip;]&lt;\/p&gt;\\n","url":"https:\/\/www.swisslens.ch\/pl\/event\/dopasowania-soczewek-skleralnych-scleraflex\/","eventAttendanceMode":"https:\/\/schema.org\/OfflineEventAttendanceMode","eventStatus":"https:\/\/schema.org\/EventScheduled","startDate":"2026-05-23T09:00:00+02:00","endDate":"2026-05-23T17:00:00+02:00","performer":"Organization"},"ticketed":false,"is_virtual":false,"virtual_url":null,"virtual_video_source":""}